{"id":2181,"date":"2021-01-07T17:30:02","date_gmt":"2021-01-07T14:30:02","guid":{"rendered":"https:\/\/dovizz.net\/blog\/beylikduzu-nobetci-eczane-7-ocak-2021-persembe-2181\/"},"modified":"2021-01-07T17:30:02","modified_gmt":"2021-01-07T14:30:02","slug":"beylikduzu-nobetci-eczane-7-ocak-2021-persembe","status":"publish","type":"post","link":"https:\/\/dovizz.net\/blog\/beylikduzu-nobetci-eczane-7-ocak-2021-persembe-2181\/","title":{"rendered":"Beylikd\u00fcz\u00fc N\u00f6bet\u00e7i Eczane 7 Ocak 2021 Per\u015fembe"},"content":{"rendered":"<p>Bu sayfaya Beylikd\u00fcz\u00fc n\u00f6bet\u00e7i eczane, 7 Ocak 2021 Per\u015fembe \u0130stanbul Beylikd\u00fcz\u00fc il\u00e7esindeki n\u00f6bet\u00e7i eczanelerin listesi eklenmi\u015ftir. BEYLIKD\u00dcZ\u00dc N\u00d6BET\u00c7\u0130 ECZANE, n\u00f6bet\u00e7i eczanelerin listesi ve &#8220;Beylikd\u00fcz\u00fc n\u00f6bet\u00e7i eczane&#8221; 7 Ocak 2021 Per\u015fembe n\u00f6bet\u00e7i olan eczanelerin listesine a\u015fa\u011f\u0131dan ula\u015fabilirsiniz. \u0130stanbul Beylikd\u00fcz\u00fc n\u00f6bet\u00e7i eczaneleri. 7 Ocak 2021 Per\u015fembe ak\u015fam\u0131ndan 8 Ocak 2021 Cuma sabah\u0131na kadar a\u00e7\u0131k olan \u0130stanbul Beylikd\u00fcz\u00fc il\u00e7esindeki n\u00f6bet\u00e7i eczanelerin listesini bulabilirsiniz. Baz\u0131 eczaneler, gece boyu n\u00f6bet tutmuyor olabilir; baz\u0131lar\u0131 ise icap n\u00f6beti tutuyor veya m\u00fccbir bir sebeple n\u00f6bet ba\u015f\u0131nda bulunam\u0131yor olabilir. Bu nedenle eczaneye gitmeden \u00f6nce telefonla a\u00e7\u0131k oldu\u011funu teyit etmeniz tavsiye olunur.<\/p>\n<h4><b>RANA ECZANES\u0130<\/b><\/h4>\n<p><strong>Adres:<\/strong> Bar\u0131\u015f Mahallesi, Bestekar Sokak, 2-U, , Beylikd\u00fcz\u00fc<\/p>\n<p><strong>Tarif:<\/strong> Beylikd\u00fcz\u00fc Ac\u0131badem T\u0131p Merkezi Yan\u0131 Kule \u00c7ar\u015f\u0131<\/p>\n<p><b>Telefon:<\/b> 2128541622<\/p>\n<p><\/p>\n<h4><b>ASU ECZANES\u0130<\/b><\/h4>\n<p><strong>Adres:<\/strong> Marmara Mahallesi, H\u00fcrriyet Bulvar\u0131, \u0130hlas 3 \u00c7ar\u015f\u0131 No:18 , Yakuplu, Beylikd\u00fcz\u00fc<\/p>\n<p><b>Telefon:<\/b> 2128010803<\/p>\n<p><\/p>\n<h4><b>S\u00dcMEYRA ECZANES\u0130<\/b><\/h4>\n<p><strong>Adres:<\/strong> Adnan Kahveci Mahallesi, Yavuz Sultan Selim Bulvar\u0131, 41I, G\u00fcrp\u0131nar, Beylikd\u00fcz\u00fc<\/p>\n<p><strong>Tarif:<\/strong> Car\u0131um AVM Kar\u015f\u0131s\u0131 , Do\u011fanpark Evleri Alt\u0131<\/p>\n<p><b>Telefon:<\/b> 2128558570<\/p>\n","protected":false},"excerpt":{"rendered":"<p>Bu sayfada 7 Ocak 2021 Per\u015fembe ak\u015fam\u0131ndan 8 Ocak 2021 Cuma sabah\u0131na kadar a\u00e7\u0131k olan \u0130stanbul Beylikd\u00fcz\u00fc il\u00e7esindeki n\u00f6bet\u00e7i eczanelerin listesini bulabilirsiniz. Baz\u0131 eczaneler, gece boyu n\u00f6bet tutmuyor olabilir; baz\u0131lar\u0131 ise icap n\u00f6beti tutuyor veya m\u00fccbir bir sebeple n\u00f6bet ba\u015f\u0131nda bulunam\u0131yor olabilir. Bu nedenle eczaneye gitmeden \u00f6nce telefonla a\u00e7\u0131k oldu\u011funu teyit etmeniz tavsiye olunur.<\/p>\n","protected":false},"author":1,"featured_media":2182,"comment_status":"open","ping_status":"open","sticky":false,"template":"","format":"standard","meta":{"tdm_status":"","tdm_grid_status":""},"categories":[347],"tags":[3520,3519,3518,3521],"_links":{"self":[{"href":"https:\/\/dovizz.net\/blog\/wp-json\/wp\/v2\/posts\/2181"}],"collection":[{"href":"https:\/\/dovizz.net\/blog\/wp-json\/wp\/v2\/posts"}],"about":[{"href":"https:\/\/dovizz.net\/blog\/wp-json\/wp\/v2\/types\/post"}],"author":[{"embeddable":true,"href":"https:\/\/dovizz.net\/blog\/wp-json\/wp\/v2\/users\/1"}],"replies":[{"embeddable":true,"href":"https:\/\/dovizz.net\/blog\/wp-json\/wp\/v2\/comments?post=2181"}],"version-history":[{"count":0,"href":"https:\/\/dovizz.net\/blog\/wp-json\/wp\/v2\/posts\/2181\/revisions"}],"wp:featuredmedia":[{"embeddable":true,"href":"https:\/\/dovizz.net\/blog\/wp-json\/wp\/v2\/media\/2182"}],"wp:attachment":[{"href":"https:\/\/dovizz.net\/blog\/wp-json\/wp\/v2\/media?parent=2181"}],"wp:term":[{"taxonomy":"category","embeddable":true,"href":"https:\/\/dovizz.net\/blog\/wp-json\/wp\/v2\/categories?post=2181"},{"taxonomy":"post_tag","embeddable":true,"href":"https:\/\/dovizz.net\/blog\/wp-json\/wp\/v2\/tags?post=2181"}],"curies":[{"name":"wp","href":"https:\/\/api.w.org\/{rel}","templated":true}]}}